{"id":6788,"date":"2023-10-10T03:15:11","date_gmt":"2023-10-10T01:15:11","guid":{"rendered":"http:\/\/veterani.ba\/naslovna\/?p=6788"},"modified":"2023-10-11T12:55:50","modified_gmt":"2023-10-11T10:55:50","slug":"10-10-1995-armija-rbih-oslobodila-sanski-most","status":"publish","type":"post","link":"https:\/\/veterani.ba\/naslovna\/2023\/10\/10-10-1995-armija-rbih-oslobodila-sanski-most\/","title":{"rendered":"10.10.1995. &#8211; Armija RBiH oslobodila Sanski Most"},"content":{"rendered":"<p><a href=\"https:\/\/veterani.ba\/naslovna\/wp-content\/uploads\/2015\/09\/Sanski-Most-Armija-RBiH.png\"><img loading=\"lazy\" decoding=\"async\" class=\"alignleft size-medium wp-image-6436\" src=\"http:\/\/veterani.ba\/naslovna\/wp-content\/uploads\/2015\/09\/Sanski-Most-Armija-RBiH-300x225.png\" alt=\"Sanski Most Armija RBiH\" width=\"300\" height=\"225\" srcset=\"https:\/\/veterani.ba\/naslovna\/wp-content\/uploads\/2015\/09\/Sanski-Most-Armija-RBiH-300x225.png 300w, https:\/\/veterani.ba\/naslovna\/wp-content\/uploads\/2015\/09\/Sanski-Most-Armija-RBiH.png 400w\" sizes=\"auto, (max-width: 300px) 85vw, 300px\" \/><\/a>Tokom rata u BiH od 1992. do 1995. godine Sanski Most je bio pod okupacijom snaga Vojske Republike Srpske od prolje\u0107a 1992. do 10. oktobra 1995. godine. Dio neesrpsko stanovni\u0161tvo je bilo primorano napustiti grad, ali je oko 6.000 Bo\u0161njaka i Hrvata ostalo u gradu tokom rata, koji su \u010desto maltretirani, mu\u010deni, poni\u017eavani i tjerani na kopanje rovova i prisilni rad. Po\u010dinjeni su i brojni zlo\u010dini u selima i naseljima Sanskog Mosta, naro\u010dito u \u0160ehovcima, Mahali, Vrhpolju i drugim.<br \/>\n<!--more--> Kraj rata i oslobo\u0111enje grada do\u010dekalo je samo oko 1.000 nesrba, a procjenjuje se da je grad izgubio gotovo pola predratnog stanovni\u0161tva. Tokom operacije Sana &#8216;95, zdru\u017eene snage Petog i Sedmog Korpusa Armije RBiH pod zapovjedni\u0161tvom generala Atifa Dudakovi\u0107a i Mehmeda Alagi\u0107a napadom sa zapada i juga 10. oktobra 1995. godine oslobodili su Sanski Most i nastavili napredovanje sjeverno prema Prijedoru. Neposredno prije osloba\u0111anja grada, prema srpsim izvorima, oko 27.000 srpskog stanovni\u0161tva je zajedno sa vojskom pobjeglo i napustilo grad, a srpske paravojne formacije i Vojska Republike Srpske na \u010delu sa \u017deljkom Ra\u017enjatovi\u0107em Arkanom vr\u0161e brojne zlo\u010dine i ubistva preostalog bo\u0161nja\u010dkog i hrvatskog stanovni\u0161tva u gradu i okolini.<\/p>\n<p>Nakon rata, Sanski Most je vrlo brzo obnovljen i modernizovan, a dio izbjeglog stanovni\u0161tvo se vratio.<\/p>\n","protected":false},"excerpt":{"rendered":"<p>Tokom rata u BiH od 1992. do 1995. godine Sanski Most je bio pod okupacijom snaga Vojske Republike Srpske od prolje\u0107a 1992. do 10. oktobra 1995. godine. Dio neesrpsko stanovni\u0161tvo je bilo primorano napustiti grad, [&hellip;]<\/p>\n","protected":false},"author":1,"featured_media":0,"comment_status":"closed","ping_status":"closed","sticky":false,"template":"","format":"standard","meta":{"footnotes":""},"categories":[4,7,14,15],"tags":[],"class_list":["post-6788","post","type-post","status-publish","format-standard","hentry","category-armija-r-bih","category-bih","category-civilni-sektor-bih","category-vojni-sektor-bih"],"_links":{"self":[{"href":"https:\/\/veterani.ba\/naslovna\/wp-json\/wp\/v2\/posts\/6788","targetHints":{"allow":["GET"]}}],"collection":[{"href":"https:\/\/veterani.ba\/naslovna\/wp-json\/wp\/v2\/posts"}],"about":[{"href":"https:\/\/veterani.ba\/naslovna\/wp-json\/wp\/v2\/types\/post"}],"author":[{"embeddable":true,"href":"https:\/\/veterani.ba\/naslovna\/wp-json\/wp\/v2\/users\/1"}],"replies":[{"embeddable":true,"href":"https:\/\/veterani.ba\/naslovna\/wp-json\/wp\/v2\/comments?post=6788"}],"version-history":[{"count":1,"href":"https:\/\/veterani.ba\/naslovna\/wp-json\/wp\/v2\/posts\/6788\/revisions"}],"predecessor-version":[{"id":6789,"href":"https:\/\/veterani.ba\/naslovna\/wp-json\/wp\/v2\/posts\/6788\/revisions\/6789"}],"wp:attachment":[{"href":"https:\/\/veterani.ba\/naslovna\/wp-json\/wp\/v2\/media?parent=6788"}],"wp:term":[{"taxonomy":"category","embeddable":true,"href":"https:\/\/veterani.ba\/naslovna\/wp-json\/wp\/v2\/categories?post=6788"},{"taxonomy":"post_tag","embeddable":true,"href":"https:\/\/veterani.ba\/naslovna\/wp-json\/wp\/v2\/tags?post=6788"}],"curies":[{"name":"wp","href":"https:\/\/api.w.org\/{rel}","templated":true}]}}