{"id":3349,"date":"2024-06-04T09:14:10","date_gmt":"2024-06-04T07:14:10","guid":{"rendered":"http:\/\/veterani.ba\/naslovna\/?p=3349"},"modified":"2024-06-06T13:24:23","modified_gmt":"2024-06-06T11:24:23","slug":"da-danasnji-dan-poginuo-bucuk-refik-1956-1992","status":"publish","type":"post","link":"https:\/\/veterani.ba\/naslovna\/2024\/06\/da-danasnji-dan-poginuo-bucuk-refik-1956-1992\/","title":{"rendered":"Da dana\u0161nji dan poginuo Bu\u010duk Refik (1956 &#8211; 1992)"},"content":{"rendered":"<p><a href=\"https:\/\/veterani.ba\/naslovna\/wp-content\/uploads\/2015\/06\/Bucuk_Refik_04.06.jpg\"><img loading=\"lazy\" decoding=\"async\" class=\"alignleft size-medium wp-image-3350\" src=\"http:\/\/veterani.ba\/naslovna\/wp-content\/uploads\/2015\/06\/Bucuk_Refik_04.06-240x300.jpg\" alt=\"Bucuk_Refik_04.06\" width=\"240\" height=\"300\" srcset=\"https:\/\/veterani.ba\/naslovna\/wp-content\/uploads\/2015\/06\/Bucuk_Refik_04.06-240x300.jpg 240w, https:\/\/veterani.ba\/naslovna\/wp-content\/uploads\/2015\/06\/Bucuk_Refik_04.06.jpg 355w\" sizes=\"auto, (max-width: 240px) 85vw, 240px\" \/><\/a>Bu\u010duk Refik (1956 &#8211; 1992)<\/p>\n<p>Ro\u0111en 08.09.1956. godine u Malim Trnovcima &#8211; Visoko, gdje je i \u017eivio. Pripadnik jedinica Armije BiH od 11.04.1992. godine. Poginuo 04.06.1992. godine u rejonu Uvori\u0107i, kao pripadnik Op\u0160TO Visoko. Ukopan 09.06.1992. godine na mezarju u Malim Trnovcima &#8211; Visoko.<\/p>\n","protected":false},"excerpt":{"rendered":"<p>Bu\u010duk Refik (1956 &#8211; 1992) Ro\u0111en 08.09.1956. godine u Malim Trnovcima &#8211; Visoko, gdje je i \u017eivio. Pripadnik jedinica Armije BiH od 11.04.1992. godine. Poginuo 04.06.1992. godine u rejonu Uvori\u0107i, kao pripadnik Op\u0160TO Visoko. Ukopan [&hellip;]<\/p>\n","protected":false},"author":1,"featured_media":0,"comment_status":"closed","ping_status":"closed","sticky":false,"template":"","format":"standard","meta":{"footnotes":""},"categories":[42,3],"tags":[],"class_list":["post-3349","post","type-post","status-publish","format-standard","hentry","category-poginuli-borci","category-visoko"],"_links":{"self":[{"href":"https:\/\/veterani.ba\/naslovna\/wp-json\/wp\/v2\/posts\/3349","targetHints":{"allow":["GET"]}}],"collection":[{"href":"https:\/\/veterani.ba\/naslovna\/wp-json\/wp\/v2\/posts"}],"about":[{"href":"https:\/\/veterani.ba\/naslovna\/wp-json\/wp\/v2\/types\/post"}],"author":[{"embeddable":true,"href":"https:\/\/veterani.ba\/naslovna\/wp-json\/wp\/v2\/users\/1"}],"replies":[{"embeddable":true,"href":"https:\/\/veterani.ba\/naslovna\/wp-json\/wp\/v2\/comments?post=3349"}],"version-history":[{"count":1,"href":"https:\/\/veterani.ba\/naslovna\/wp-json\/wp\/v2\/posts\/3349\/revisions"}],"predecessor-version":[{"id":3351,"href":"https:\/\/veterani.ba\/naslovna\/wp-json\/wp\/v2\/posts\/3349\/revisions\/3351"}],"wp:attachment":[{"href":"https:\/\/veterani.ba\/naslovna\/wp-json\/wp\/v2\/media?parent=3349"}],"wp:term":[{"taxonomy":"category","embeddable":true,"href":"https:\/\/veterani.ba\/naslovna\/wp-json\/wp\/v2\/categories?post=3349"},{"taxonomy":"post_tag","embeddable":true,"href":"https:\/\/veterani.ba\/naslovna\/wp-json\/wp\/v2\/tags?post=3349"}],"curies":[{"name":"wp","href":"https:\/\/api.w.org\/{rel}","templated":true}]}}