{"id":3158,"date":"2018-05-08T00:59:53","date_gmt":"2018-05-07T22:59:53","guid":{"rendered":"http:\/\/veterani.ba\/naslovna\/?p=3158"},"modified":"2018-05-03T15:58:51","modified_gmt":"2018-05-03T13:58:51","slug":"pismo-snajperiste-koji-je-ubio-djevojcicu-u-sarajevu-vidio-sam-da-se-smije","status":"publish","type":"post","link":"https:\/\/veterani.ba\/naslovna\/2018\/05\/pismo-snajperiste-koji-je-ubio-djevojcicu-u-sarajevu-vidio-sam-da-se-smije\/","title":{"rendered":"Pismo snajperiste koji je ubio djevoj\u010dicu u Sarajevu: Vidio sam da se smije"},"content":{"rendered":"<p><em><a href=\"https:\/\/veterani.ba\/naslovna\/wp-content\/uploads\/2015\/05\/slika.jpg\"><img loading=\"lazy\" decoding=\"async\" class=\"alignleft size-medium wp-image-3159\" src=\"http:\/\/veterani.ba\/naslovna\/wp-content\/uploads\/2015\/05\/slika-300x225.jpg\" alt=\"slika\" width=\"300\" height=\"225\" srcset=\"https:\/\/veterani.ba\/naslovna\/wp-content\/uploads\/2015\/05\/slika-300x225.jpg 300w, https:\/\/veterani.ba\/naslovna\/wp-content\/uploads\/2015\/05\/slika.jpg 400w\" sizes=\"auto, (max-width: 300px) 85vw, 300px\" \/><\/a>\u201cNe znam kakav je \u0111avo u\u0161ao u mene tog dana. Sje\u0107am se, bio je\u00a0vreli ljetni dan, avgust 1992, rano popodne. Kroz magi\u010dno oko durbina oprezno sam posmatrao ulice. Vidio sam civile. Uglavnom starce i \u017eene, kako oprezno izviruju iz ku\u0107a. Nastalo je zati\u0161je i oni su se uputili na \u010desmu na obali Miljacke da dopune zalihe vode. Vidio sam jednu stariju \u017eenu kako odmi\u010de od \u010desme i jednu \u017eenu sa djetetom, djevoj\u010dicom, kako brzo potura balone pod lulu \u010desme\u2026<\/em><span id=\"more-104889\"><\/span><br \/>\n<!--more--><\/p>\n<p><em>Uhvatio sam lice djevoj\u010dice i shvatio sam da se ona smije, ba\u0161 kao da se oko nje ne de\u0161ava nikakvo ludilo\u2026 A onda je ludilo, iznenada, uhvatilo mene.<strong>\u0160ta se ona smije<\/strong>, mislio sam, da li se ona to meni smije?!<\/em><\/p>\n<p><em>Ja se tu zlopatim, krvarim u \u017eivotu bez \u017eivota, a ona se smije kao da mi prkosi \u2013 kako uostalom smije biti toliko zadovoljna i sretna, mislio sam. Ne\u0107e\u0161 ti meni, vala, rekao mi je neki pakleni glas i ja, u tom trenu, shvatih da mi se prst, ba\u0161 kao da ga ja ne kontroli\u0161em, spustio na obara\u010d i po\u010deo da ga stiska\u2026 Zaustavi se, zaustavi se, vikao sam u sebi, ali moj sopstveni prst nije me vi\u0161e slu\u0161ao\u2026<\/em><\/p>\n<p><em>Nisam vi\u0161e ni ni\u0161anio, samo sam osjetio trzaj pu\u0161ke, a onda sam je odbacio, sav u goloj vodi. Sve je to li\u010dilo na no\u0107nu moru, kao neki san na javi. Ma, tje\u0161io sam se, to i jeste neki san, ni\u0161ta se od toga nije desilo\u2026<\/em><\/p>\n<p><em>Uzeo sam dvogled i pogledao u pravcu \u010desme: <strong>djevoj\u010dica je le\u017eala na zemlji<\/strong>, u krvi, a njena majka je stajala pored nje, sa urlikom na zgr\u010denom licu.\u201d<\/em><\/p>\n<p>Dio je ovo pisma izvjesnog Predraga O, ro\u0111enog Sarajlije koji je u posljednjem ratu pre\u0161ao na stranu agresora i<strong>snajperom ubio devetogodi\u0161nju djevoj\u010dicu Dijanu<\/strong>.<\/p>\n<p>Predrag je u Beogradu 2000. po\u010dinio samoubistvo jer nakon ovog ubistva vi\u0161e nikad nije bio isti, \u0161to je pri\u010da koju je objavila <em>Slobodna Bosna<\/em>. Jedne no\u0107i je, ka\u017ee, vidio djevoj\u010dicu koju je ubio i ona ga je pitala: \u201eZa\u0161to si to u\u010dinio?\u201c. Od tog dana ga je, kako je napisao u opro\u0161tajnom pismu, \u201eutvara nevine djevoj\u010dice posje\u0107ivala svuda i na svakom mjestu\u201c. Ne mogav\u0161i to vi\u0161e podnijeti, odlu\u010dio je da se ubije<\/p>\n<p>Sarajevo \u0107e sutra 9. maja, pored Dana pobjede nad fa\u0161izmom, obilje\u017eiti i <strong>Dan sje\u0107anja na djecu ubijenu u ovom gradu<\/strong> za vrijeme opsade od 1992. do 1995. godine.<\/p>\n<p><iframe loading=\"lazy\" src=\"https:\/\/www.youtube.com\/embed\/B14yxaJoLVA\" width=\"459\" height=\"260\" frameborder=\"0\" allowfullscreen=\"allowfullscreen\"><\/iframe><\/p>\n<p>Nezvani\u010dni podaci govore kako je za vrijeme opsade, u Sarajevu ubijeno oko 1,500 mali\u0161ana. Udru\u017eenje roditelja ubijene djece raspola\u017ee sa dokumentacijom od 534 ubijena djeteta. <strong>Prva dje\u010dija \u017ertva glavnog grada<\/strong>BiH pala je 2. maja 1992, kada je ubijena Aida, k\u0107erka sarajevskog pisca za djecu Fahrudina Ku\u010duka. Aida je imala \u0161est godina.<\/p>\n<p>Za na\u0161 je portal svojevremeno govorila i porodica Mirze Imamovi\u0107a koji je imao pet godina kada je poginuo i \u010dije su stvari bile izlo\u017eene 2012. u SARTR-u, na izlo\u017ebi predmeta djece ubijene tokom opsade u ratnom Sarajevu.<\/p>\n<p>Njegova majka tada nam je citirala poslovicu, po kojoj<strong> \u2018ono \u0161to se pravimo da ne postoji, kao da nije ni bilo\u2019<\/strong>, i zato je bila zahvalna na izlo\u017ebi. Pri\u010dala nam je i kako je Mirza bio divan dje\u010dak koji je s ocem redovno i\u0161ao na utakmice. Kad je poginuo bio je jedinac, a danas ima dvije sestre.<\/p>\n<p>Ve\u0107 godinama iz Udru\u017eenja ubijene djece Sarajeva insistiraju na inicijativi pred Tu\u017eila\u0161tvom da se pokrene<strong>istraga o (planski) ubijanoj sarajevskoj djeci<\/strong> te da se zlo\u010dinci koji su po\u010dinili ove zlo\u010dine procesuiraju. Dvadeset godina nakon kraja rata, vrijeme je.<\/p>\n<p><i>Radiosarajevo.ba<\/i><\/p>\n","protected":false},"excerpt":{"rendered":"<p>\u201cNe znam kakav je \u0111avo u\u0161ao u mene tog dana. Sje\u0107am se, bio je\u00a0vreli ljetni dan, avgust 1992, rano popodne. Kroz magi\u010dno oko durbina oprezno sam posmatrao ulice. Vidio sam civile. Uglavnom starce i \u017eene, [&hellip;]<\/p>\n","protected":false},"author":1,"featured_media":0,"comment_status":"closed","ping_status":"closed","sticky":false,"template":"","format":"standard","meta":{"footnotes":""},"categories":[7,1,6],"tags":[],"class_list":["post-3158","post","type-post","status-publish","format-standard","hentry","category-bih","category-vijesti","category-vojska-rs"],"_links":{"self":[{"href":"https:\/\/veterani.ba\/naslovna\/wp-json\/wp\/v2\/posts\/3158","targetHints":{"allow":["GET"]}}],"collection":[{"href":"https:\/\/veterani.ba\/naslovna\/wp-json\/wp\/v2\/posts"}],"about":[{"href":"https:\/\/veterani.ba\/naslovna\/wp-json\/wp\/v2\/types\/post"}],"author":[{"embeddable":true,"href":"https:\/\/veterani.ba\/naslovna\/wp-json\/wp\/v2\/users\/1"}],"replies":[{"embeddable":true,"href":"https:\/\/veterani.ba\/naslovna\/wp-json\/wp\/v2\/comments?post=3158"}],"version-history":[{"count":1,"href":"https:\/\/veterani.ba\/naslovna\/wp-json\/wp\/v2\/posts\/3158\/revisions"}],"predecessor-version":[{"id":3160,"href":"https:\/\/veterani.ba\/naslovna\/wp-json\/wp\/v2\/posts\/3158\/revisions\/3160"}],"wp:attachment":[{"href":"https:\/\/veterani.ba\/naslovna\/wp-json\/wp\/v2\/media?parent=3158"}],"wp:term":[{"taxonomy":"category","embeddable":true,"href":"https:\/\/veterani.ba\/naslovna\/wp-json\/wp\/v2\/categories?post=3158"},{"taxonomy":"post_tag","embeddable":true,"href":"https:\/\/veterani.ba\/naslovna\/wp-json\/wp\/v2\/tags?post=3158"}],"curies":[{"name":"wp","href":"https:\/\/api.w.org\/{rel}","templated":true}]}}