{"id":1620,"date":"2020-05-02T00:25:45","date_gmt":"2020-05-01T22:25:45","guid":{"rendered":"http:\/\/veterani.ba\/naslovna\/?p=1620"},"modified":"2020-05-02T14:57:02","modified_gmt":"2020-05-02T12:57:02","slug":"stranci-su-znali-da-ce-alija-biti-otet-ali-nisu-nista-htjeli-uciniti","status":"publish","type":"post","link":"https:\/\/veterani.ba\/naslovna\/2020\/05\/stranci-su-znali-da-ce-alija-biti-otet-ali-nisu-nista-htjeli-uciniti\/","title":{"rendered":"Stranci su znali da \u0107e Alija biti otet, ali nisu ni\u0161ta htjeli u\u010diniti!"},"content":{"rendered":"<div>\n<p><a href=\"https:\/\/veterani.ba\/naslovna\/wp-content\/uploads\/2014\/03\/Alija_Izetbegovic_131400829.jpg\"><img loading=\"lazy\" decoding=\"async\" class=\"alignleft  wp-image-1280\" src=\"http:\/\/veterani.ba\/naslovna\/wp-content\/uploads\/2014\/03\/Alija_Izetbegovic_131400829.jpg\" alt=\"Alija_Izetbegovic_131400829\" width=\"300\" height=\"225\" srcset=\"https:\/\/veterani.ba\/naslovna\/wp-content\/uploads\/2014\/03\/Alija_Izetbegovic_131400829.jpg 400w, https:\/\/veterani.ba\/naslovna\/wp-content\/uploads\/2014\/03\/Alija_Izetbegovic_131400829-300x225.jpg 300w\" sizes=\"auto, (max-width: 300px) 85vw, 300px\" \/><\/a>Me\u0111unarodne snage u BiH su znale da \u0107e <strong>Alija Izetbegovi\u0107<\/strong>, predsjednik Predsjedni\u0161tva BiH 2. maja 1992. godine biti otet od strane agresorske JNA, ali nisu htjeli ni\u0161ta uraditi da to sprije\u010de, javlja bh. novinska agencija Patria.<\/p>\n<p>To je novi i va\u017ean detalj u vezi sa historijskim doga\u0111ajima na taj dan, a u kojima se lomila sudbina zemlje. Tu informaciju je za Patriu otkrio jedan od klju\u010dnih svjedoka tih sudbonosnih trenutaka prije 22 godine ratni ministar policije <strong>Jusuf Pu\u0161ina<\/strong>. On ka\u017ee da su strance o tome izvijestile bh. vlasti.<!--more--><\/p>\n<p>&#8211;\u00a0Znali smo da \u0107e po slijetanju na sarajevski aerodrom nakon povratka sa pregovora u Lisabonu rahmetli predsjednik Alija Izetbegovovi\u0107 biti uhap\u0161en. Dobili smo tu informaciju. Ali ni\u0161ta nismo mogli u\u010diniti\u00a0 \u2013 ka\u017ee u razgovoru za bh. novinsku agenciju Patria Pu\u0161ina.<\/p>\n<p>On se sla\u017ee sa mi\u0161ljenjem da su ti dani i sati bili presudni za odbranu Sarajeva, ali i cijele BiH.<\/p>\n<p>&#8211;\u00a0Obavijestili smo me\u0111unarodne snage o informacijama koje imamo, i da ne mo\u017eemo stupiti u kontakt s njim. Oni su nam tad kazali da oni garantuju za sigurnost na\u0161e delegacije i Izetbegovi\u0107a. Na\u017ealost, ta garancija nije ispo\u0161tovana \u2013 govori Pu\u0161ina.<\/p>\n<p>Prvi predsjednik Predsjedni\u0161tva BiH i vrhovni komandant Armije RBiH zajedno sa delegacijom u kojoj su bili i <strong>Zlatko Lagumd\u017eija<\/strong>, Alijina\u00a0k\u0107erka <strong>Sabina<\/strong> i njegov slu\u017ebeni pratilac uhap\u0161eni su po slijetanju u Sarajevo i odvedeni u ve\u0107 okupiranu Lukavicu.<\/p>\n<p>Nekoliko sati prije toga, zapo\u010deo je prvi najsna\u017eniji udar i poku\u0161aj okupacije Sarajeva, a smatra se da je od tada i zvani\u010dno po\u010dela opsada Sarajeva koja je trajala skoro 1.500 dana.<\/p>\n<p>JNA je tenkovima napala zgradu Predsjedni\u0161tva BiH i ve\u0107inu linija odbrane grada. Tenkovi su do\u0161li nekoliko desetina metara od zgrade dr\u017eavnog vrha, no nisu uspjeli u svojoj nakani.<\/p>\n<p>Glavna po\u0161ta u Sarajevu je zapaljena, \u010dime je u gradu prekinuta svaka komunikacija. Ni\u0161ki specijalci, koji su imali zadatak da presijeku Sarajevo, od zgrade Predsjedni\u0161tva bili su udaljeni svega 30 metara. Napad je odbijen, a fakti\u010dki goloruki gra\u0111ani su uz pomo\u0107 MUP-a i Patriotske lige zaustavili udar dobro organizirane JNA.<\/p>\n<p>Branitelji su uspjeli i opkoliti kasarnu na Bistriku u kojoj je bila smje\u0161tena komanda JNA Druge vojne oblasti kojom je komandovao general <strong>Milutin Kukanjac<\/strong>.<\/p>\n<p>Uz posredovanje me\u0111unarodne zajednice, ali i \u010dvrstinom tada\u0161njih branitelja\u00a0 dogovorena je razmjena Izetbegovi\u0107a i delegacija za Kukanjca i vojnike iz kasarne.<\/p>\n<p>Poznati sarajevski novinar <strong>Senad Had\u017eifejzovi\u0107<\/strong> sliku Sarajeva u plamenu prenosio je u\u017eivo na tada\u0161njoj Televiziji Sarajevo, poku\u0161avaju\u0107i zaustaviti ru\u0161enje grada i ubijanje civila. U njegovu emisiju se javio Izetbegovi\u0107 telefonom i rekao da je on, zapravo, otet! Pu\u0161ina ka\u017ee da je prijetila i opasnost od njegove likvidacije.<\/p>\n<p>&#8211; To \u0161to je predsjednik Izetbegovi\u0107 spa\u0161en i nije likvidiran, ka\u017ee Pu\u0161ina, zna\u010dilo je i odbranu zemlje. Da se, kojim slu\u010dajem likividacija Izetbegovi\u0107a desila, Bosna i Hercegovina bi ostala bez vrhovnog komandanta, i time bi bila otvorena mogu\u0107nost i njezinog osvajanja \u2013 dodaje.<\/p>\n<p>O njezinoj sudbini, ka\u017ee Pu\u0161ina, dalje bi odlu\u010divali oni koji su i zapo\u010deli agresiju.<\/p>\n<p>&#8211; Izdajnik BiH <strong>Fikret Abdi\u0107 <\/strong>je ve\u0107 sjedio u televiziji BiH, i \u010dekao trenutak kada \u0107e sebe proglasiti predsjednikom i\u00a0dalje po\u010deti odlu\u010divati o sudbini BiH, koja je ve\u0107 bila isplanirana. To zna\u010di da bi BiH ostala u sastavu velike Srbije, kao nesamostalna, neslobodna, nedemokratska dr\u017eava \u2013 ka\u017ee Pu\u0161ina za NAP.<\/p>\n<\/div>\n","protected":false},"excerpt":{"rendered":"<p>Me\u0111unarodne snage u BiH su znale da \u0107e Alija Izetbegovi\u0107, predsjednik Predsjedni\u0161tva BiH 2. maja 1992. godine biti otet od strane agresorske JNA, ali nisu htjeli ni\u0161ta uraditi da to sprije\u010de, javlja bh. novinska agencija [&hellip;]<\/p>\n","protected":false},"author":1,"featured_media":0,"comment_status":"closed","ping_status":"closed","sticky":false,"template":"","format":"standard","meta":{"footnotes":""},"categories":[4,7],"tags":[],"class_list":["post-1620","post","type-post","status-publish","format-standard","hentry","category-armija-r-bih","category-bih"],"_links":{"self":[{"href":"https:\/\/veterani.ba\/naslovna\/wp-json\/wp\/v2\/posts\/1620","targetHints":{"allow":["GET"]}}],"collection":[{"href":"https:\/\/veterani.ba\/naslovna\/wp-json\/wp\/v2\/posts"}],"about":[{"href":"https:\/\/veterani.ba\/naslovna\/wp-json\/wp\/v2\/types\/post"}],"author":[{"embeddable":true,"href":"https:\/\/veterani.ba\/naslovna\/wp-json\/wp\/v2\/users\/1"}],"replies":[{"embeddable":true,"href":"https:\/\/veterani.ba\/naslovna\/wp-json\/wp\/v2\/comments?post=1620"}],"version-history":[{"count":4,"href":"https:\/\/veterani.ba\/naslovna\/wp-json\/wp\/v2\/posts\/1620\/revisions"}],"predecessor-version":[{"id":3079,"href":"https:\/\/veterani.ba\/naslovna\/wp-json\/wp\/v2\/posts\/1620\/revisions\/3079"}],"wp:attachment":[{"href":"https:\/\/veterani.ba\/naslovna\/wp-json\/wp\/v2\/media?parent=1620"}],"wp:term":[{"taxonomy":"category","embeddable":true,"href":"https:\/\/veterani.ba\/naslovna\/wp-json\/wp\/v2\/categories?post=1620"},{"taxonomy":"post_tag","embeddable":true,"href":"https:\/\/veterani.ba\/naslovna\/wp-json\/wp\/v2\/tags?post=1620"}],"curies":[{"name":"wp","href":"https:\/\/api.w.org\/{rel}","templated":true}]}}